{"id":16507,"date":"2026-08-31T12:10:23","date_gmt":"2026-08-31T10:10:23","guid":{"rendered":"https:\/\/www.ebma-europe.com\/?p=16507"},"modified":"2026-08-31T12:24:09","modified_gmt":"2026-08-31T10:24:09","slug":"covid-prolongado-y-virus-latentes-lo-que-revela-un-estudio-reciente-sobre-los-linfocitos-t-cd8","status":"publish","type":"post","link":"https:\/\/www.ebma-europe.com\/es\/noticias-de-actualidad\/covid-prolongado-y-virus-latentes-lo-que-revela-un-estudio-reciente-sobre-los-linfocitos-t-cd8\/","title":{"rendered":"Covid prolongado y virus latentes: lo que revela un estudio reciente sobre los linfocitos T CD8+"},"content":{"rendered":"\n<p class=\"wp-block-paragraph\"><em>seg\u00fan <a href=\"https:\/\/www.cell.com\/cell-reports-medicine\/fulltext\/S2666-3791(26)00363-0\" data-type=\"link\" data-id=\"https:\/\/www.cell.com\/cell-reports-medicine\/fulltext\/S2666-3791(26)00363-0\">Ma et al., Cell Reports Medicine, ao\u00fbt 2026<\/a><\/em><\/p>\n\n\n\n<figure class=\"wp-block-image size-full\"><img decoding=\"async\" width=\"1003\" height=\"720\" src=\"https:\/\/www.ebma-europe.com\/wp-inside\/uploads\/2026\/08\/paper.png\" alt=\"\" class=\"wp-image-16418\" srcset=\"https:\/\/www.ebma-europe.com\/wp-inside\/uploads\/2026\/08\/paper.png 1003w, https:\/\/www.ebma-europe.com\/wp-inside\/uploads\/2026\/08\/paper-300x215.png 300w, https:\/\/www.ebma-europe.com\/wp-inside\/uploads\/2026\/08\/paper-768x551.png 768w, https:\/\/www.ebma-europe.com\/wp-inside\/uploads\/2026\/08\/paper-600x431.png 600w\" sizes=\"(max-width: 1003px) 100vw, 1003px\" \/><\/figure>\n\n\n\n<h2 class=\"wp-block-heading\"><strong>\u00bfPor qu\u00e9 es importante prestar atenci\u00f3n al VEB y al CMV en el Covid prolongado?<\/strong><\/h2>\n\n\n\n<p class=\"wp-block-paragraph\">El \u00abCovid prolongado\u00bb (CP) sigue siendo una entidad poco conocida, sin marcadores biol\u00f3gicos validados ni tratamientos aprobados. Una hip\u00f3tesis cada vez m\u00e1s estudiada es que los virus latentes que todos portamos, en particular el <strong>VEB<\/strong> (mononucleosis infecciosa) y el <strong>CMV<\/strong> (citomegalovirus), podr\u00edan reactivarse a ra\u00edz de la alteraci\u00f3n inmunitaria provocada por la infecci\u00f3n aguda por el SARS-CoV-2 y contribuir a los s\u00edntomas persistentes.<\/p>\n\n\n\n<p class=\"wp-block-paragraph\">Este estudio aporta nuevos datos al comparar, en pacientes con COVID prolongado y en pacientes recuperados, el estado funcional de los linfocitos T CD8+ (las c\u00e9lulas inmunitarias encargadas de destruir las c\u00e9lulas infectadas) dirigidos espec\u00edficamente contra estos tres virus.<\/p>\n\n\n\n<h2 class=\"wp-block-heading\"><strong>El mensaje clave: una respuesta inmunitaria que no \u00abse apaga\u00bb de forma normal<\/strong><\/h2>\n\n\n\n<p class=\"wp-block-paragraph\">En condiciones normales, tras una infecci\u00f3n aguda, los linfocitos T citot\u00f3xicos activados durante la fase aguda se \u00abcalman\u00bb progresivamente una vez eliminado el virus; esto es lo que se conoce como resoluci\u00f3n fisiol\u00f3gica de la respuesta inmunitaria.<\/p>\n\n\n\n<p class=\"wp-block-paragraph\">En los pacientes con \u00abCOVID prolongado\u00bb, esta resoluci\u00f3n parece incompleta: las c\u00e9lulas T permanecen en un estado activado, citot\u00f3xico y \u00abagotado\u00bb (una forma de disfunci\u00f3n relacionada con una estimulaci\u00f3n cr\u00f3nica), mientras que en los pacientes recuperados, este mismo perfil se aten\u00faa progresivamente con el tiempo. Esta observaci\u00f3n se aplica a los tres virus estudiados, aunque con matices importantes seg\u00fan el virus.<\/p>\n\n\n\n<h2 class=\"wp-block-heading\"><strong>Lo que var\u00eda seg\u00fan el virus: tres escenarios distintos<\/strong><\/h2>\n\n\n\n<h3 class=\"wp-block-heading\"><strong>SARS-CoV-2: la hip\u00f3tesis mejor fundamentada: probable persistencia antig\u00e9nica<\/strong><\/h3>\n\n\n\n<p class=\"wp-block-paragraph\">Las c\u00e9lulas T anti-SARS-CoV-2 de los pacientes con LC permanecen activadas y citot\u00f3xicas durante m\u00e1s tiempo que en los pacientes recuperados, con un perfil que sugiere una localizaci\u00f3n tisular (y no solo sangu\u00ednea). Esto concuerda con los datos ya publicados que muestran la persistencia de material viral del SARS-CoV-2 en determinados tejidos hasta dos a\u00f1os despu\u00e9s de la infecci\u00f3n inicial.<\/p>\n\n\n\n<p class=\"wp-block-paragraph\"><strong>Conclusi\u00f3n pr\u00e1ctica: la hip\u00f3tesis de un reservorio viral tisular residual sigue siendo una posibilidad seria para explicar algunos s\u00edntomas de la LC, incluso en ausencia de un resultado positivo en la PCR en sangre.<\/strong><\/p>\n\n\n\n<h3 class=\"wp-block-heading\"><strong>VEB \u2014 signos compatibles con una reactivaci\u00f3n, pendiente de confirmaci\u00f3n<\/strong><\/h3>\n\n\n\n<p class=\"wp-block-paragraph\">Las c\u00e9lulas T anti-VEB de los pacientes con CL muestran un perfil m\u00e1s citot\u00f3xico y diferenciado de lo que cabr\u00eda esperar normalmente de un virus latente bien controlado (en el que las c\u00e9lulas T permanecen en un estado \u00ablatente\u00bb, poco activado). Esto concuerda con estudios anteriores que han descrito niveles m\u00e1s elevados de ADN del VEB y de anticuerpos anti-VEB durante la CL.<\/p>\n\n\n\n<p class=\"wp-block-paragraph\"><strong>Nota pr\u00e1ctica: esto refuerza la importancia cl\u00ednica de buscar signos de reactivaci\u00f3n del VEB (pruebas serol\u00f3gicas del VEB con IgG anti-EA o carga viral del VEB, si est\u00e1 disponible) en determinados pacientes con LC, especialmente en caso de fatiga acusada.<\/strong><\/p>\n\n\n\n<h3 class=\"wp-block-heading\"><strong>CMV: una paradoja que conviene conocer: la reactivaci\u00f3n podr\u00eda tener un efecto protector<\/strong><\/h3>\n\n\n\n<p class=\"wp-block-paragraph\">Se trata de un resultado sorprendente y relevante para la pr\u00e1ctica cl\u00ednica: a diferencia del VEB, el perfil de las c\u00e9lulas T anti-CMV en pacientes con LC no muestra signos de sobreestimulaci\u00f3n, sino todo lo contrario. Los autores plantean la hip\u00f3tesis de que una reactivaci\u00f3n activa del CMV, a trav\u00e9s de una mol\u00e9cula inmunosupresora que el propio virus produce (un mim\u00e9tico de la IL-10 humana), podr\u00eda ejercer un efecto protector frente a la LC al modular la inflamaci\u00f3n cr\u00f3nica.<\/p>\n\n\n\n<p class=\"wp-block-paragraph\"><strong>Nota pr\u00e1ctica: este resultado invita a la prudencia; no se debe extrapolar la l\u00f3gica de \u00abreactivaci\u00f3n viral = agravamiento\u00bb a todos los virus latentes. El CMV no deber\u00eda tratarse como el EBV en el razonamiento cl\u00ednico sobre el LC, y esta l\u00ednea de investigaci\u00f3n ilustra la complejidad de las interacciones entre el hu\u00e9sped y el virus en esta patolog\u00eda.<\/strong><\/p>\n\n\n\n<p class=\"wp-block-paragraph\"><a href=\"https:\/\/www.cell.com\/cell-reports-medicine\/fulltext\/S2666-3791(26)00363-0\">https:\/\/www.cell.com\/cell-reports-medicine\/fulltext\/S2666-3791(26)00363-0<\/a><\/p>\n\n\n\n<p class=\"wp-block-paragraph\"><\/p>\n","protected":false},"excerpt":{"rendered":"<p>seg\u00fan Ma et al., Cell Reports Medicine, ao\u00fbt 2026 \u00bfPor qu\u00e9 es importante prestar atenci\u00f3n al VEB y al CMV en el Covid prolongado? El \u00abCovid prolongado\u00bb (CP) sigue siendo una entidad poco conocida, sin marcadores biol\u00f3gicos validados ni tratamientos aprobados. Una hip\u00f3tesis cada vez m\u00e1s estudiada es que los virus latentes que todos portamos, [&hellip;]<\/p>\n","protected":false},"author":4,"featured_media":16505,"comment_status":"closed","ping_status":"closed","sticky":false,"template":"","format":"standard","meta":{"_acf_changed":false,"footnotes":""},"categories":[980,17,2390,992,998],"tags":[],"class_list":["post-16507","post","type-post","status-publish","format-standard","has-post-thumbnail","hentry","category-ebv","category-noticias-de-actualidad","category-revista-cientifica","category-sars-cov-2","category-virologia"],"acf":[],"yoast_head":"<!-- This site is optimized with the Yoast SEO plugin v28.3 - https:\/\/yoast.com\/product\/yoast-seo-wordpress\/ -->\n<title>Covid prolongado y virus latentes: lo que revela un estudio reciente sobre los linfocitos T CD8+ | EBMA Europe<\/title>\n<meta name=\"robots\" content=\"index, follow, max-snippet:-1, max-image-preview:large, max-video-preview:-1\" \/>\n<link rel=\"canonical\" href=\"https:\/\/www.ebma-europe.com\/es\/noticias-de-actualidad\/covid-prolongado-y-virus-latentes-lo-que-revela-un-estudio-reciente-sobre-los-linfocitos-t-cd8\/\" \/>\n<meta property=\"og:locale\" content=\"es_ES\" \/>\n<meta property=\"og:type\" content=\"article\" \/>\n<meta property=\"og:title\" content=\"Covid prolongado y virus latentes: lo que revela un estudio reciente sobre los linfocitos T CD8+\" \/>\n<meta property=\"og:description\" content=\"seg\u00fan Ma et al., Cell Reports Medicine, ao\u00fbt 2026 \u00bfPor qu\u00e9 es importante prestar atenci\u00f3n al VEB y al CMV en el Covid prolongado? El \u00abCovid prolongado\u00bb (CP) sigue siendo una entidad poco conocida, sin marcadores biol\u00f3gicos validados ni tratamientos aprobados. Una hip\u00f3tesis cada vez m\u00e1s estudiada es que los virus latentes que todos portamos, [&hellip;]\" \/>\n<meta property=\"og:url\" content=\"https:\/\/www.ebma-europe.com\/es\/noticias-de-actualidad\/covid-prolongado-y-virus-latentes-lo-que-revela-un-estudio-reciente-sobre-los-linfocitos-t-cd8\/\" \/>\n<meta property=\"og:site_name\" content=\"EBMA Europe\" \/>\n<meta property=\"article:published_time\" content=\"2026-08-31T10:10:23+00:00\" \/>\n<meta property=\"article:modified_time\" content=\"2026-08-31T10:24:09+00:00\" \/>\n<meta property=\"og:image\" content=\"https:\/\/www.ebma-europe.com\/wp-inside\/uploads\/2026\/08\/paper.png\" \/>\n\t<meta property=\"og:image:width\" content=\"1003\" \/>\n\t<meta property=\"og:image:height\" content=\"720\" \/>\n\t<meta property=\"og:image:type\" content=\"image\/png\" \/>\n<meta name=\"author\" content=\"Caroline\" \/>\n<meta name=\"twitter:card\" content=\"summary_large_image\" \/>\n<meta name=\"twitter:label1\" content=\"Escrito por\" \/>\n\t<meta name=\"twitter:data1\" content=\"Caroline\" \/>\n\t<meta name=\"twitter:label2\" content=\"Tiempo de lectura\" \/>\n\t<meta name=\"twitter:data2\" content=\"3 minuto\" \/>\n<script type=\"application\/ld+json\" class=\"yoast-schema-graph\">{\"@context\":\"https:\\\/\\\/schema.org\",\"@graph\":[{\"@type\":[\"Article\",\"BlogPosting\"],\"@id\":\"https:\\\/\\\/www.ebma-europe.com\\\/es\\\/noticias-de-actualidad\\\/covid-prolongado-y-virus-latentes-lo-que-revela-un-estudio-reciente-sobre-los-linfocitos-t-cd8\\\/#article\",\"isPartOf\":{\"@id\":\"https:\\\/\\\/www.ebma-europe.com\\\/es\\\/noticias-de-actualidad\\\/covid-prolongado-y-virus-latentes-lo-que-revela-un-estudio-reciente-sobre-los-linfocitos-t-cd8\\\/\"},\"author\":{\"name\":\"Caroline\",\"@id\":\"https:\\\/\\\/www.ebma-europe.com\\\/es\\\/#\\\/schema\\\/person\\\/3d5c696778240c688ce4dfa363263997\"},\"headline\":\"Covid prolongado y virus latentes: lo que revela un estudio reciente sobre los linfocitos T CD8+\",\"datePublished\":\"2026-08-31T10:10:23+00:00\",\"dateModified\":\"2026-08-31T10:24:09+00:00\",\"mainEntityOfPage\":{\"@id\":\"https:\\\/\\\/www.ebma-europe.com\\\/es\\\/noticias-de-actualidad\\\/covid-prolongado-y-virus-latentes-lo-que-revela-un-estudio-reciente-sobre-los-linfocitos-t-cd8\\\/\"},\"wordCount\":712,\"publisher\":{\"@id\":\"https:\\\/\\\/www.ebma-europe.com\\\/es\\\/#organization\"},\"image\":{\"@id\":\"https:\\\/\\\/www.ebma-europe.com\\\/es\\\/noticias-de-actualidad\\\/covid-prolongado-y-virus-latentes-lo-que-revela-un-estudio-reciente-sobre-los-linfocitos-t-cd8\\\/#primaryimage\"},\"thumbnailUrl\":\"https:\\\/\\\/www.ebma-europe.com\\\/wp-inside\\\/uploads\\\/2026\\\/08\\\/paper.png\",\"articleSection\":[\"EBV\",\"Noticias de actualidad\",\"revista cient\u00edfica\",\"SARS CoV-2\",\"Virolog\u00eda\"],\"inLanguage\":\"es\"},{\"@type\":\"WebPage\",\"@id\":\"https:\\\/\\\/www.ebma-europe.com\\\/es\\\/noticias-de-actualidad\\\/covid-prolongado-y-virus-latentes-lo-que-revela-un-estudio-reciente-sobre-los-linfocitos-t-cd8\\\/\",\"url\":\"https:\\\/\\\/www.ebma-europe.com\\\/es\\\/noticias-de-actualidad\\\/covid-prolongado-y-virus-latentes-lo-que-revela-un-estudio-reciente-sobre-los-linfocitos-t-cd8\\\/\",\"name\":\"Covid prolongado y virus latentes: lo que revela un estudio reciente sobre los linfocitos T CD8+\",\"isPartOf\":{\"@id\":\"https:\\\/\\\/www.ebma-europe.com\\\/es\\\/#website\"},\"primaryImageOfPage\":{\"@id\":\"https:\\\/\\\/www.ebma-europe.com\\\/es\\\/noticias-de-actualidad\\\/covid-prolongado-y-virus-latentes-lo-que-revela-un-estudio-reciente-sobre-los-linfocitos-t-cd8\\\/#primaryimage\"},\"image\":{\"@id\":\"https:\\\/\\\/www.ebma-europe.com\\\/es\\\/noticias-de-actualidad\\\/covid-prolongado-y-virus-latentes-lo-que-revela-un-estudio-reciente-sobre-los-linfocitos-t-cd8\\\/#primaryimage\"},\"thumbnailUrl\":\"https:\\\/\\\/www.ebma-europe.com\\\/wp-inside\\\/uploads\\\/2026\\\/08\\\/paper.png\",\"datePublished\":\"2026-08-31T10:10:23+00:00\",\"dateModified\":\"2026-08-31T10:24:09+00:00\",\"breadcrumb\":{\"@id\":\"https:\\\/\\\/www.ebma-europe.com\\\/es\\\/noticias-de-actualidad\\\/covid-prolongado-y-virus-latentes-lo-que-revela-un-estudio-reciente-sobre-los-linfocitos-t-cd8\\\/#breadcrumb\"},\"inLanguage\":\"es\",\"potentialAction\":[{\"@type\":\"ReadAction\",\"target\":[\"https:\\\/\\\/www.ebma-europe.com\\\/es\\\/noticias-de-actualidad\\\/covid-prolongado-y-virus-latentes-lo-que-revela-un-estudio-reciente-sobre-los-linfocitos-t-cd8\\\/\"]}]},{\"@type\":\"ImageObject\",\"inLanguage\":\"es\",\"@id\":\"https:\\\/\\\/www.ebma-europe.com\\\/es\\\/noticias-de-actualidad\\\/covid-prolongado-y-virus-latentes-lo-que-revela-un-estudio-reciente-sobre-los-linfocitos-t-cd8\\\/#primaryimage\",\"url\":\"https:\\\/\\\/www.ebma-europe.com\\\/wp-inside\\\/uploads\\\/2026\\\/08\\\/paper.png\",\"contentUrl\":\"https:\\\/\\\/www.ebma-europe.com\\\/wp-inside\\\/uploads\\\/2026\\\/08\\\/paper.png\",\"width\":1003,\"height\":720},{\"@type\":\"BreadcrumbList\",\"@id\":\"https:\\\/\\\/www.ebma-europe.com\\\/es\\\/noticias-de-actualidad\\\/covid-prolongado-y-virus-latentes-lo-que-revela-un-estudio-reciente-sobre-los-linfocitos-t-cd8\\\/#breadcrumb\",\"itemListElement\":[{\"@type\":\"ListItem\",\"position\":1,\"name\":\"Inicio\",\"item\":\"https:\\\/\\\/www.ebma-europe.com\\\/es\\\/\"},{\"@type\":\"ListItem\",\"position\":2,\"name\":\"Noticias de actualidad\",\"item\":\"https:\\\/\\\/www.ebma-europe.com\\\/es\\\/categor\u00eda-blog\\\/noticias-de-actualidad\\\/\"},{\"@type\":\"ListItem\",\"position\":3,\"name\":\"Covid prolongado y virus latentes: lo que revela un estudio reciente sobre los linfocitos T CD8+\"}]},{\"@type\":\"WebSite\",\"@id\":\"https:\\\/\\\/www.ebma-europe.com\\\/es\\\/#website\",\"url\":\"https:\\\/\\\/www.ebma-europe.com\\\/es\\\/\",\"name\":\"EBMA Europe\",\"description\":\"European Bio Immune(G)ene Medicine Association\",\"publisher\":{\"@id\":\"https:\\\/\\\/www.ebma-europe.com\\\/es\\\/#organization\"},\"alternateName\":\"EBMA\",\"potentialAction\":[{\"@type\":\"SearchAction\",\"target\":{\"@type\":\"EntryPoint\",\"urlTemplate\":\"https:\\\/\\\/www.ebma-europe.com\\\/es\\\/?s={search_term_string}\"},\"query-input\":{\"@type\":\"PropertyValueSpecification\",\"valueRequired\":true,\"valueName\":\"search_term_string\"}}],\"inLanguage\":\"es\"},{\"@type\":\"Organization\",\"@id\":\"https:\\\/\\\/www.ebma-europe.com\\\/es\\\/#organization\",\"name\":\"EBMA Europe\",\"alternateName\":\"EBMA\",\"url\":\"https:\\\/\\\/www.ebma-europe.com\\\/es\\\/\",\"logo\":{\"@type\":\"ImageObject\",\"inLanguage\":\"es\",\"@id\":\"https:\\\/\\\/www.ebma-europe.com\\\/es\\\/#\\\/schema\\\/logo\\\/image\\\/\",\"url\":\"https:\\\/\\\/www.ebma-europe.com\\\/wp-inside\\\/uploads\\\/2026\\\/03\\\/enity-logo-ebma.png\",\"contentUrl\":\"https:\\\/\\\/www.ebma-europe.com\\\/wp-inside\\\/uploads\\\/2026\\\/03\\\/enity-logo-ebma.png\",\"width\":696,\"height\":696,\"caption\":\"EBMA Europe\"},\"image\":{\"@id\":\"https:\\\/\\\/www.ebma-europe.com\\\/es\\\/#\\\/schema\\\/logo\\\/image\\\/\"},\"sameAs\":[\"https:\\\/\\\/fr.linkedin.com\\\/company\\\/ebma-europe\"]},{\"@type\":\"Person\",\"@id\":\"https:\\\/\\\/www.ebma-europe.com\\\/es\\\/#\\\/schema\\\/person\\\/3d5c696778240c688ce4dfa363263997\",\"name\":\"Caroline\",\"image\":{\"@type\":\"ImageObject\",\"inLanguage\":\"es\",\"@id\":\"https:\\\/\\\/secure.gravatar.com\\\/avatar\\\/85acd79c05464a5774e334594aa48d17f5e94a99563069b9aeb4431a25e4559c?s=96&d=mm&r=g\",\"url\":\"https:\\\/\\\/secure.gravatar.com\\\/avatar\\\/85acd79c05464a5774e334594aa48d17f5e94a99563069b9aeb4431a25e4559c?s=96&d=mm&r=g\",\"contentUrl\":\"https:\\\/\\\/secure.gravatar.com\\\/avatar\\\/85acd79c05464a5774e334594aa48d17f5e94a99563069b9aeb4431a25e4559c?s=96&d=mm&r=g\",\"caption\":\"Caroline\"}}]}<\/script>\n<!-- \/ Yoast SEO plugin. -->","yoast_head_json":{"title":"Covid prolongado y virus latentes: lo que revela un estudio reciente sobre los linfocitos T CD8+ | EBMA Europe","robots":{"index":"index","follow":"follow","max-snippet":"max-snippet:-1","max-image-preview":"max-image-preview:large","max-video-preview":"max-video-preview:-1"},"canonical":"https:\/\/www.ebma-europe.com\/es\/noticias-de-actualidad\/covid-prolongado-y-virus-latentes-lo-que-revela-un-estudio-reciente-sobre-los-linfocitos-t-cd8\/","og_locale":"es_ES","og_type":"article","og_title":"Covid prolongado y virus latentes: lo que revela un estudio reciente sobre los linfocitos T CD8+","og_description":"seg\u00fan Ma et al., Cell Reports Medicine, ao\u00fbt 2026 \u00bfPor qu\u00e9 es importante prestar atenci\u00f3n al VEB y al CMV en el Covid prolongado? El \u00abCovid prolongado\u00bb (CP) sigue siendo una entidad poco conocida, sin marcadores biol\u00f3gicos validados ni tratamientos aprobados. Una hip\u00f3tesis cada vez m\u00e1s estudiada es que los virus latentes que todos portamos, [&hellip;]","og_url":"https:\/\/www.ebma-europe.com\/es\/noticias-de-actualidad\/covid-prolongado-y-virus-latentes-lo-que-revela-un-estudio-reciente-sobre-los-linfocitos-t-cd8\/","og_site_name":"EBMA Europe","article_published_time":"2026-08-31T10:10:23+00:00","article_modified_time":"2026-08-31T10:24:09+00:00","og_image":[{"width":1003,"height":720,"url":"https:\/\/www.ebma-europe.com\/wp-inside\/uploads\/2026\/08\/paper.png","type":"image\/png"}],"author":"Caroline","twitter_card":"summary_large_image","twitter_misc":{"Escrito por":"Caroline","Tiempo de lectura":"3 minuto"},"schema":{"@context":"https:\/\/schema.org","@graph":[{"@type":["Article","BlogPosting"],"@id":"https:\/\/www.ebma-europe.com\/es\/noticias-de-actualidad\/covid-prolongado-y-virus-latentes-lo-que-revela-un-estudio-reciente-sobre-los-linfocitos-t-cd8\/#article","isPartOf":{"@id":"https:\/\/www.ebma-europe.com\/es\/noticias-de-actualidad\/covid-prolongado-y-virus-latentes-lo-que-revela-un-estudio-reciente-sobre-los-linfocitos-t-cd8\/"},"author":{"name":"Caroline","@id":"https:\/\/www.ebma-europe.com\/es\/#\/schema\/person\/3d5c696778240c688ce4dfa363263997"},"headline":"Covid prolongado y virus latentes: lo que revela un estudio reciente sobre los linfocitos T CD8+","datePublished":"2026-08-31T10:10:23+00:00","dateModified":"2026-08-31T10:24:09+00:00","mainEntityOfPage":{"@id":"https:\/\/www.ebma-europe.com\/es\/noticias-de-actualidad\/covid-prolongado-y-virus-latentes-lo-que-revela-un-estudio-reciente-sobre-los-linfocitos-t-cd8\/"},"wordCount":712,"publisher":{"@id":"https:\/\/www.ebma-europe.com\/es\/#organization"},"image":{"@id":"https:\/\/www.ebma-europe.com\/es\/noticias-de-actualidad\/covid-prolongado-y-virus-latentes-lo-que-revela-un-estudio-reciente-sobre-los-linfocitos-t-cd8\/#primaryimage"},"thumbnailUrl":"https:\/\/www.ebma-europe.com\/wp-inside\/uploads\/2026\/08\/paper.png","articleSection":["EBV","Noticias de actualidad","revista cient\u00edfica","SARS CoV-2","Virolog\u00eda"],"inLanguage":"es"},{"@type":"WebPage","@id":"https:\/\/www.ebma-europe.com\/es\/noticias-de-actualidad\/covid-prolongado-y-virus-latentes-lo-que-revela-un-estudio-reciente-sobre-los-linfocitos-t-cd8\/","url":"https:\/\/www.ebma-europe.com\/es\/noticias-de-actualidad\/covid-prolongado-y-virus-latentes-lo-que-revela-un-estudio-reciente-sobre-los-linfocitos-t-cd8\/","name":"Covid prolongado y virus latentes: lo que revela un estudio reciente sobre los linfocitos T CD8+","isPartOf":{"@id":"https:\/\/www.ebma-europe.com\/es\/#website"},"primaryImageOfPage":{"@id":"https:\/\/www.ebma-europe.com\/es\/noticias-de-actualidad\/covid-prolongado-y-virus-latentes-lo-que-revela-un-estudio-reciente-sobre-los-linfocitos-t-cd8\/#primaryimage"},"image":{"@id":"https:\/\/www.ebma-europe.com\/es\/noticias-de-actualidad\/covid-prolongado-y-virus-latentes-lo-que-revela-un-estudio-reciente-sobre-los-linfocitos-t-cd8\/#primaryimage"},"thumbnailUrl":"https:\/\/www.ebma-europe.com\/wp-inside\/uploads\/2026\/08\/paper.png","datePublished":"2026-08-31T10:10:23+00:00","dateModified":"2026-08-31T10:24:09+00:00","breadcrumb":{"@id":"https:\/\/www.ebma-europe.com\/es\/noticias-de-actualidad\/covid-prolongado-y-virus-latentes-lo-que-revela-un-estudio-reciente-sobre-los-linfocitos-t-cd8\/#breadcrumb"},"inLanguage":"es","potentialAction":[{"@type":"ReadAction","target":["https:\/\/www.ebma-europe.com\/es\/noticias-de-actualidad\/covid-prolongado-y-virus-latentes-lo-que-revela-un-estudio-reciente-sobre-los-linfocitos-t-cd8\/"]}]},{"@type":"ImageObject","inLanguage":"es","@id":"https:\/\/www.ebma-europe.com\/es\/noticias-de-actualidad\/covid-prolongado-y-virus-latentes-lo-que-revela-un-estudio-reciente-sobre-los-linfocitos-t-cd8\/#primaryimage","url":"https:\/\/www.ebma-europe.com\/wp-inside\/uploads\/2026\/08\/paper.png","contentUrl":"https:\/\/www.ebma-europe.com\/wp-inside\/uploads\/2026\/08\/paper.png","width":1003,"height":720},{"@type":"BreadcrumbList","@id":"https:\/\/www.ebma-europe.com\/es\/noticias-de-actualidad\/covid-prolongado-y-virus-latentes-lo-que-revela-un-estudio-reciente-sobre-los-linfocitos-t-cd8\/#breadcrumb","itemListElement":[{"@type":"ListItem","position":1,"name":"Inicio","item":"https:\/\/www.ebma-europe.com\/es\/"},{"@type":"ListItem","position":2,"name":"Noticias de actualidad","item":"https:\/\/www.ebma-europe.com\/es\/categor\u00eda-blog\/noticias-de-actualidad\/"},{"@type":"ListItem","position":3,"name":"Covid prolongado y virus latentes: lo que revela un estudio reciente sobre los linfocitos T CD8+"}]},{"@type":"WebSite","@id":"https:\/\/www.ebma-europe.com\/es\/#website","url":"https:\/\/www.ebma-europe.com\/es\/","name":"EBMA Europe","description":"European Bio Immune(G)ene Medicine Association","publisher":{"@id":"https:\/\/www.ebma-europe.com\/es\/#organization"},"alternateName":"EBMA","potentialAction":[{"@type":"SearchAction","target":{"@type":"EntryPoint","urlTemplate":"https:\/\/www.ebma-europe.com\/es\/?s={search_term_string}"},"query-input":{"@type":"PropertyValueSpecification","valueRequired":true,"valueName":"search_term_string"}}],"inLanguage":"es"},{"@type":"Organization","@id":"https:\/\/www.ebma-europe.com\/es\/#organization","name":"EBMA Europe","alternateName":"EBMA","url":"https:\/\/www.ebma-europe.com\/es\/","logo":{"@type":"ImageObject","inLanguage":"es","@id":"https:\/\/www.ebma-europe.com\/es\/#\/schema\/logo\/image\/","url":"https:\/\/www.ebma-europe.com\/wp-inside\/uploads\/2026\/03\/enity-logo-ebma.png","contentUrl":"https:\/\/www.ebma-europe.com\/wp-inside\/uploads\/2026\/03\/enity-logo-ebma.png","width":696,"height":696,"caption":"EBMA Europe"},"image":{"@id":"https:\/\/www.ebma-europe.com\/es\/#\/schema\/logo\/image\/"},"sameAs":["https:\/\/fr.linkedin.com\/company\/ebma-europe"]},{"@type":"Person","@id":"https:\/\/www.ebma-europe.com\/es\/#\/schema\/person\/3d5c696778240c688ce4dfa363263997","name":"Caroline","image":{"@type":"ImageObject","inLanguage":"es","@id":"https:\/\/secure.gravatar.com\/avatar\/85acd79c05464a5774e334594aa48d17f5e94a99563069b9aeb4431a25e4559c?s=96&d=mm&r=g","url":"https:\/\/secure.gravatar.com\/avatar\/85acd79c05464a5774e334594aa48d17f5e94a99563069b9aeb4431a25e4559c?s=96&d=mm&r=g","contentUrl":"https:\/\/secure.gravatar.com\/avatar\/85acd79c05464a5774e334594aa48d17f5e94a99563069b9aeb4431a25e4559c?s=96&d=mm&r=g","caption":"Caroline"}}]}},"_links":{"self":[{"href":"https:\/\/www.ebma-europe.com\/es\/wp-json\/wp\/v2\/posts\/16507","targetHints":{"allow":["GET"]}}],"collection":[{"href":"https:\/\/www.ebma-europe.com\/es\/wp-json\/wp\/v2\/posts"}],"about":[{"href":"https:\/\/www.ebma-europe.com\/es\/wp-json\/wp\/v2\/types\/post"}],"author":[{"embeddable":true,"href":"https:\/\/www.ebma-europe.com\/es\/wp-json\/wp\/v2\/users\/4"}],"replies":[{"embeddable":true,"href":"https:\/\/www.ebma-europe.com\/es\/wp-json\/wp\/v2\/comments?post=16507"}],"version-history":[{"count":4,"href":"https:\/\/www.ebma-europe.com\/es\/wp-json\/wp\/v2\/posts\/16507\/revisions"}],"predecessor-version":[{"id":16511,"href":"https:\/\/www.ebma-europe.com\/es\/wp-json\/wp\/v2\/posts\/16507\/revisions\/16511"}],"wp:featuredmedia":[{"embeddable":true,"href":"https:\/\/www.ebma-europe.com\/es\/wp-json\/wp\/v2\/media\/16505"}],"wp:attachment":[{"href":"https:\/\/www.ebma-europe.com\/es\/wp-json\/wp\/v2\/media?parent=16507"}],"wp:term":[{"taxonomy":"category","embeddable":true,"href":"https:\/\/www.ebma-europe.com\/es\/wp-json\/wp\/v2\/categories?post=16507"},{"taxonomy":"post_tag","embeddable":true,"href":"https:\/\/www.ebma-europe.com\/es\/wp-json\/wp\/v2\/tags?post=16507"}],"curies":[{"name":"wp","href":"https:\/\/api.w.org\/{rel}","templated":true}]}}